{"id":6892,"date":"2026-01-21T05:41:29","date_gmt":"2026-01-21T05:41:29","guid":{"rendered":"https:\/\/www.skyone.aero\/romania\/?p=6892"},"modified":"2026-01-21T05:43:37","modified_gmt":"2026-01-21T05:43:37","slug":"navi-mumbai-international-airport-will-propel-indian-aviation-to-new-heights-jaideep-mirchandani-group-chairman-sky-one","status":"publish","type":"post","link":"https:\/\/www.skyone.aero\/romania\/navi-mumbai-international-airport-will-propel-indian-aviation-to-new-heights-jaideep-mirchandani-group-chairman-sky-one\/","title":{"rendered":"Aeroportul Interna\u021bional Navi Mumbai va propulsa avia\u021bia indian\u0103 spre noi culmi: pre\u0219edintele grupului Jaideep Mirchandani, Sky One"},"content":{"rendered":"<p>Mumbai (Maharashtra) [India], 16 octombrie: Odat\u0103 cu inaugurarea Aeroportului Interna\u021bional Navi Mumbai (NMIA), Mumbai s-a al\u0103turat listei de elit\u0103 a ora\u0219elor globale care se m\u00e2ndresc cu aeroporturi gemene. Noua instala\u021bie, care se \u00eentinde pe 1.160 de hectare \u00een faza sa ini\u021bial\u0103, este a\u0219teptat\u0103 s\u0103 g\u0103zduiasc\u0103 20 de milioane de pasageri anual. Odat\u0103 complet opera\u021bional\u0103, se a\u0219teapt\u0103 s\u0103 gestioneze 155 de milioane de pasageri anual prin intermediul a patru terminale \u0219i dou\u0103 piste. Exper\u021bii din industrie consider\u0103 c\u0103 inaugurarea este \u00een sincron cu sectorul aviatic \u00een plin\u0103 expansiune al Indiei. Capacitatea actualului Aeroport Interna\u021bional Chhatrapati Shivaji Maharaj din Mumbai a fost extins\u0103 la limit\u0103, iar noul aeroport va ajuta la decongestionarea traficului.<\/p>\n<p>\u201eNu numai c\u0103 va deservi Pune, Mumbai \u0219i aglomeratul coridor Konkan, dar noul aeroport va oferi \u0219i acces c\u0103tre destina\u021bii \u0219i pie\u021be globale, \u00eembun\u0103t\u0103\u021bind experien\u021bele pasagerilor \u0219i comer\u021bul. \u00cen plus, se a\u0219teapt\u0103 s\u0103 gestioneze anual peste 3,2 milioane de tone metrice de marf\u0103, ajut\u00e2nd India s\u0103 \u00ee\u0219i consolideze amprenta \u00een acest sector\u201d, spune <a href=\"https:\/\/skyone.aero\/romania\/team\/\">Jaideep Mirchandani<\/a>, pre\u0219edintele grupului <a href=\"https:\/\/skyone.aero\/romania\/\">Sky One<\/a>.<\/p>\n<p>Discut\u00e2nd despre conectivitatea multimodal\u0103 oferit\u0103 de noul aeroport, el a ad\u0103ugat: \u201eAcesta va fi conectat cu diverse sisteme de transport, inclusiv re\u021beaua de autostr\u0103zi expres, metroul, c\u0103ile ferate suburbane \u0219i serviciile de transport pe c\u0103i navigabile. O astfel de conectivitate multimodal\u0103 este esen\u021bial\u0103 pentru a face din aeroport un centru aviatic major.\u201d<\/p>\n<p>Construit cu o valoare de 19.650 de crore de rupii, noul aeroport este a\u0219teptat s\u0103 creeze 200.000 de locuri de munc\u0103 \u00een diverse sectoare, inclusiv logistic\u0103, IT \u0219i ospitalitate. De asemenea, va fi primul aeroport complet digital din India, oferind facilit\u0103\u021bi pentru locuri de parcare rezervate \u00een avans, manipulare a bagajelor \u0219i servicii de imigrare. \u00centre timp, terminalul, proiectat de Zaha Hadid Architects din Londra, are forma unei flori de lotus. Aeroportul va prezenta, de asemenea, opere de art\u0103 care eviden\u021biaz\u0103 patrimoniul \u0219i cultura statului Maharashtra.<\/p>\n<p>\u201eTerminalele complet automatizate, bazate pe inteligen\u021b\u0103 artificial\u0103, sus\u021bin aeroportul. Modernizarea tehnologic\u0103 este esen\u021bial\u0103 pentru o experien\u021b\u0103 \u00eembun\u0103t\u0103\u021bit\u0103 a clien\u021bilor, iar noua facilitate reflect\u0103 perfect acest lucru\u201d, conchide dl Mirchandani.<\/p>\n<p>(DECLINARE DE RESPONSABILITATE PUBLICITATE: Comunicatul de pres\u0103 de mai sus a fost furnizat de NewsVoir. ANI nu va fi responsabil\u0103 \u00een niciun fel pentru con\u021binutul acestuia)<\/p>\n<p>(Acest con\u021binut provine dintr-un flux sindicalizat \u0219i este publicat a\u0219a cum a fost primit. The Tribune nu \u00ee\u0219i asum\u0103 nicio responsabilitate pentru acurate\u021bea, caracterul complet sau con\u021binutul s\u0103u.)<\/p>\n<p><strong>Source: <\/strong>The Tribune<\/p>\n","protected":false},"excerpt":{"rendered":"<p>Mumbai (Maharashtra) [India], 16 octombrie: Odat\u0103 cu inaugurarea Aeroportului Interna\u021bional Navi Mumbai (NMIA), Mumbai s-a al\u0103turat listei de elit\u0103 a ora\u0219elor globale care se m\u00e2ndresc cu aeroporturi gemene. Noua instala\u021bie,&#8230;<\/p>\n","protected":false},"author":1,"featured_media":6893,"comment_status":"closed","ping_status":"closed","sticky":false,"template":"","format":"standard","meta":{"footnotes":""},"categories":[1],"tags":[143,142,148,141,146,140],"class_list":{"0":"post-6892","1":"post","2":"type-post","3":"status-publish","4":"format-standard","5":"has-post-thumbnail","7":"category-skyone","8":"tag-dubai-entrepreneur","9":"tag-dubai-business-tycoon","10":"tag-aviation-expert","11":"tag-angel-investor","12":"tag-aviation-leader","13":"tag-middle-east-businessman"},"yoast_head":"<!-- This site is optimized with the Yoast SEO plugin v27.5 - https:\/\/yoast.com\/product\/yoast-seo-wordpress\/ -->\n<title>Jaideep Mirchandani: Aeroportul Navi Mumbai schimb\u0103 avia\u021bia<\/title>\n<meta name=\"description\" content=\"Jaideep Mirchandani explic\u0103 modul \u00een care Aeroportul Navi Mumbai va accelera cre\u0219terea avia\u021biei din India.\" \/>\n<meta name=\"robots\" content=\"index, follow, max-snippet:-1, max-image-preview:large, max-video-preview:-1\" \/>\n<link rel=\"canonical\" href=\"https:\/\/www.skyone.aero\/romania\/navi-mumbai-international-airport-will-propel-indian-aviation-to-new-heights-jaideep-mirchandani-group-chairman-sky-one\/\" \/>\n<meta property=\"og:locale\" content=\"en_US\" \/>\n<meta property=\"og:type\" content=\"article\" \/>\n<meta property=\"og:title\" content=\"Jaideep Mirchandani: Aeroportul Navi Mumbai schimb\u0103 avia\u021bia\" \/>\n<meta property=\"og:description\" content=\"Jaideep Mirchandani explic\u0103 modul \u00een care Aeroportul Navi Mumbai va accelera cre\u0219terea avia\u021biei din India.\" \/>\n<meta property=\"og:url\" content=\"https:\/\/www.skyone.aero\/romania\/navi-mumbai-international-airport-will-propel-indian-aviation-to-new-heights-jaideep-mirchandani-group-chairman-sky-one\/\" \/>\n<meta property=\"og:site_name\" content=\"Sky One\" \/>\n<meta property=\"article:publisher\" content=\"https:\/\/www.facebook.com\/skyoneaero\/\" \/>\n<meta property=\"article:published_time\" content=\"2026-01-21T05:41:29+00:00\" \/>\n<meta property=\"article:modified_time\" content=\"2026-01-21T05:43:37+00:00\" \/>\n<meta property=\"og:image\" content=\"https:\/\/www.skyone.aero\/romania\/wp-content\/uploads\/2026\/01\/aviation-pioneer-jaideep-mirchadani.jpg\" \/>\n\t<meta property=\"og:image:width\" content=\"1024\" \/>\n\t<meta property=\"og:image:height\" content=\"682\" \/>\n\t<meta property=\"og:image:type\" content=\"image\/jpeg\" \/>\n<meta name=\"author\" content=\"SkyoneAdmin\" \/>\n<meta name=\"twitter:card\" content=\"summary_large_image\" \/>\n<meta name=\"twitter:creator\" content=\"@skyonefze\" \/>\n<meta name=\"twitter:site\" content=\"@skyonefze\" \/>\n<meta name=\"twitter:label1\" content=\"Written by\" \/>\n\t<meta name=\"twitter:data1\" content=\"SkyoneAdmin\" \/>\n\t<meta name=\"twitter:label2\" content=\"Est. reading time\" \/>\n\t<meta name=\"twitter:data2\" content=\"2 minutes\" \/>\n<!-- \/ Yoast SEO plugin. -->","yoast_head_json":{"title":"Jaideep Mirchandani: Aeroportul Navi Mumbai schimb\u0103 avia\u021bia","description":"Jaideep Mirchandani explic\u0103 modul \u00een care Aeroportul Navi Mumbai va accelera cre\u0219terea avia\u021biei din India.","robots":{"index":"index","follow":"follow","max-snippet":"max-snippet:-1","max-image-preview":"max-image-preview:large","max-video-preview":"max-video-preview:-1"},"canonical":"https:\/\/www.skyone.aero\/romania\/navi-mumbai-international-airport-will-propel-indian-aviation-to-new-heights-jaideep-mirchandani-group-chairman-sky-one\/","og_locale":"en_US","og_type":"article","og_title":"Jaideep Mirchandani: Aeroportul Navi Mumbai schimb\u0103 avia\u021bia","og_description":"Jaideep Mirchandani explic\u0103 modul \u00een care Aeroportul Navi Mumbai va accelera cre\u0219terea avia\u021biei din India.","og_url":"https:\/\/www.skyone.aero\/romania\/navi-mumbai-international-airport-will-propel-indian-aviation-to-new-heights-jaideep-mirchandani-group-chairman-sky-one\/","og_site_name":"Sky One","article_publisher":"https:\/\/www.facebook.com\/skyoneaero\/","article_published_time":"2026-01-21T05:41:29+00:00","article_modified_time":"2026-01-21T05:43:37+00:00","og_image":[{"width":1024,"height":682,"url":"https:\/\/www.skyone.aero\/romania\/wp-content\/uploads\/2026\/01\/aviation-pioneer-jaideep-mirchadani.jpg","type":"image\/jpeg"}],"author":"SkyoneAdmin","twitter_card":"summary_large_image","twitter_creator":"@skyonefze","twitter_site":"@skyonefze","twitter_misc":{"Written by":"SkyoneAdmin","Est. reading time":"2 minutes"},"schema":{"@context":"https:\/\/schema.org","@graph":[{"@type":"Article","@id":"https:\/\/www.skyone.aero\/romania\/navi-mumbai-international-airport-will-propel-indian-aviation-to-new-heights-jaideep-mirchandani-group-chairman-sky-one\/#article","isPartOf":{"@id":"https:\/\/www.skyone.aero\/romania\/navi-mumbai-international-airport-will-propel-indian-aviation-to-new-heights-jaideep-mirchandani-group-chairman-sky-one\/"},"author":{"name":"SkyoneAdmin","@id":"https:\/\/www.skyone.aero\/romania\/#\/schema\/person\/91018cbc41c78db6705e61bbe4ae21b0"},"headline":"Aeroportul Interna\u021bional Navi Mumbai va propulsa avia\u021bia indian\u0103 spre noi culmi: pre\u0219edintele grupului Jaideep Mirchandani, Sky One","datePublished":"2026-01-21T05:41:29+00:00","dateModified":"2026-01-21T05:43:37+00:00","mainEntityOfPage":{"@id":"https:\/\/www.skyone.aero\/romania\/navi-mumbai-international-airport-will-propel-indian-aviation-to-new-heights-jaideep-mirchandani-group-chairman-sky-one\/"},"wordCount":450,"publisher":{"@id":"https:\/\/www.skyone.aero\/romania\/#organization"},"image":{"@id":"https:\/\/www.skyone.aero\/romania\/navi-mumbai-international-airport-will-propel-indian-aviation-to-new-heights-jaideep-mirchandani-group-chairman-sky-one\/#primaryimage"},"thumbnailUrl":"https:\/\/www.skyone.aero\/romania\/wp-content\/uploads\/2026\/01\/aviation-pioneer-jaideep-mirchadani.jpg","keywords":["antreprenor din Dubai","Dubai Magnat de afaceri","Expert \u00een avia\u021bie","\u00cenger Investitor","Lider de avia\u021bie","Om de afaceri din Orientul Mijlociu"],"articleSection":["Sky One"],"inLanguage":"en"},{"@type":"WebPage","@id":"https:\/\/www.skyone.aero\/romania\/navi-mumbai-international-airport-will-propel-indian-aviation-to-new-heights-jaideep-mirchandani-group-chairman-sky-one\/","url":"https:\/\/www.skyone.aero\/romania\/navi-mumbai-international-airport-will-propel-indian-aviation-to-new-heights-jaideep-mirchandani-group-chairman-sky-one\/","name":"Jaideep Mirchandani: Aeroportul Navi Mumbai schimb\u0103 avia\u021bia","isPartOf":{"@id":"https:\/\/www.skyone.aero\/romania\/#website"},"primaryImageOfPage":{"@id":"https:\/\/www.skyone.aero\/romania\/navi-mumbai-international-airport-will-propel-indian-aviation-to-new-heights-jaideep-mirchandani-group-chairman-sky-one\/#primaryimage"},"image":{"@id":"https:\/\/www.skyone.aero\/romania\/navi-mumbai-international-airport-will-propel-indian-aviation-to-new-heights-jaideep-mirchandani-group-chairman-sky-one\/#primaryimage"},"thumbnailUrl":"https:\/\/www.skyone.aero\/romania\/wp-content\/uploads\/2026\/01\/aviation-pioneer-jaideep-mirchadani.jpg","datePublished":"2026-01-21T05:41:29+00:00","dateModified":"2026-01-21T05:43:37+00:00","description":"Jaideep Mirchandani explic\u0103 modul \u00een care Aeroportul Navi Mumbai va accelera cre\u0219terea avia\u021biei din India.","inLanguage":"en","potentialAction":[{"@type":"ReadAction","target":["https:\/\/www.skyone.aero\/romania\/navi-mumbai-international-airport-will-propel-indian-aviation-to-new-heights-jaideep-mirchandani-group-chairman-sky-one\/"]}]},{"@type":"ImageObject","inLanguage":"en","@id":"https:\/\/www.skyone.aero\/romania\/navi-mumbai-international-airport-will-propel-indian-aviation-to-new-heights-jaideep-mirchandani-group-chairman-sky-one\/#primaryimage","url":"https:\/\/www.skyone.aero\/romania\/wp-content\/uploads\/2026\/01\/aviation-pioneer-jaideep-mirchadani.jpg","contentUrl":"https:\/\/www.skyone.aero\/romania\/wp-content\/uploads\/2026\/01\/aviation-pioneer-jaideep-mirchadani.jpg","width":1024,"height":682,"caption":"Dubai Entrepreneur | Jaideep Mirchandani"},{"@type":"WebSite","@id":"https:\/\/www.skyone.aero\/romania\/#website","url":"https:\/\/www.skyone.aero\/romania\/","name":"Sky One","description":"Your one-stop shop Aviation Solution","publisher":{"@id":"https:\/\/www.skyone.aero\/romania\/#organization"},"potentialAction":[{"@type":"SearchAction","target":{"@type":"EntryPoint","urlTemplate":"https:\/\/www.skyone.aero\/romania\/?s={search_term_string}"},"query-input":{"@type":"PropertyValueSpecification","valueRequired":true,"valueName":"search_term_string"}}],"inLanguage":"en"},{"@type":"Organization","@id":"https:\/\/www.skyone.aero\/romania\/#organization","name":"Sky One","url":"https:\/\/www.skyone.aero\/romania\/","logo":{"@type":"ImageObject","inLanguage":"en","@id":"https:\/\/www.skyone.aero\/romania\/#\/schema\/logo\/image\/","url":"https:\/\/www.skyone.aero\/romania\/wp-content\/uploads\/2024\/02\/skyone-logo-black.png","contentUrl":"https:\/\/www.skyone.aero\/romania\/wp-content\/uploads\/2024\/02\/skyone-logo-black.png","width":1915,"height":537,"caption":"Sky One"},"image":{"@id":"https:\/\/www.skyone.aero\/romania\/#\/schema\/logo\/image\/"},"sameAs":["https:\/\/www.facebook.com\/skyoneaero\/","https:\/\/x.com\/skyonefze"]},{"@type":"Person","@id":"https:\/\/www.skyone.aero\/romania\/#\/schema\/person\/91018cbc41c78db6705e61bbe4ae21b0","name":"SkyoneAdmin","image":{"@type":"ImageObject","inLanguage":"en","@id":"https:\/\/secure.gravatar.com\/avatar\/c6f088a82d18ff69df38a28d58c22176b4935787b9100c6b7d77e17d09c1a4a5?s=96&d=mm&r=g","url":"https:\/\/secure.gravatar.com\/avatar\/c6f088a82d18ff69df38a28d58c22176b4935787b9100c6b7d77e17d09c1a4a5?s=96&d=mm&r=g","contentUrl":"https:\/\/secure.gravatar.com\/avatar\/c6f088a82d18ff69df38a28d58c22176b4935787b9100c6b7d77e17d09c1a4a5?s=96&d=mm&r=g","caption":"SkyoneAdmin"},"sameAs":["https:\/\/www.skyone.aero\/romania"],"url":"https:\/\/www.skyone.aero\/romania\/author\/skyoneadmin\/"}]}},"_links":{"self":[{"href":"https:\/\/www.skyone.aero\/romania\/wp-json\/wp\/v2\/posts\/6892","targetHints":{"allow":["GET"]}}],"collection":[{"href":"https:\/\/www.skyone.aero\/romania\/wp-json\/wp\/v2\/posts"}],"about":[{"href":"https:\/\/www.skyone.aero\/romania\/wp-json\/wp\/v2\/types\/post"}],"author":[{"embeddable":true,"href":"https:\/\/www.skyone.aero\/romania\/wp-json\/wp\/v2\/users\/1"}],"replies":[{"embeddable":true,"href":"https:\/\/www.skyone.aero\/romania\/wp-json\/wp\/v2\/comments?post=6892"}],"version-history":[{"count":2,"href":"https:\/\/www.skyone.aero\/romania\/wp-json\/wp\/v2\/posts\/6892\/revisions"}],"predecessor-version":[{"id":6895,"href":"https:\/\/www.skyone.aero\/romania\/wp-json\/wp\/v2\/posts\/6892\/revisions\/6895"}],"wp:featuredmedia":[{"embeddable":true,"href":"https:\/\/www.skyone.aero\/romania\/wp-json\/wp\/v2\/media\/6893"}],"wp:attachment":[{"href":"https:\/\/www.skyone.aero\/romania\/wp-json\/wp\/v2\/media?parent=6892"}],"wp:term":[{"taxonomy":"category","embeddable":true,"href":"https:\/\/www.skyone.aero\/romania\/wp-json\/wp\/v2\/categories?post=6892"},{"taxonomy":"post_tag","embeddable":true,"href":"https:\/\/www.skyone.aero\/romania\/wp-json\/wp\/v2\/tags?post=6892"}],"curies":[{"name":"wp","href":"https:\/\/api.w.org\/{rel}","templated":true}]}}